{"id":335,"date":"2026-05-09T12:20:00","date_gmt":"2026-05-09T12:20:00","guid":{"rendered":"https:\/\/www.ihlascicek.com\/?p=335"},"modified":"2026-08-19T09:08:52","modified_gmt":"2026-08-19T09:08:52","slug":"ihracat-e-faturasi","status":"publish","type":"post","link":"https:\/\/www.ihlascicek.com\/?p=335","title":{"rendered":"\u0130HRACAT E-FATURASI"},"content":{"rendered":"\n<p class=\"wp-block-paragraph\">Uluslararas\u0131 ticarette kullan\u0131lan evrak \u00f6rnekleri serimize ihracat e-faturas\u0131 ile devam ediyoruz. T\u00fcrkiye&#8217;den yap\u0131lan fiili ihracatlarda g\u00fcmr\u00fck beyannamesi a\u00e7\u0131l\u0131rken ve T\u00fcrkiye g\u00fcmr\u00fc\u011f\u00fcnden \u00e7\u0131k\u0131\u015f yap\u0131l\u0131rken T\u00fcrk\u00e7e resmi fatura (e-Fatura) zorunludur. <\/p>\n\n\n\n<p class=\"wp-block-paragraph\">Gelir \u0130daresi Ba\u015fkanl\u0131\u011f\u0131 (G\u0130B) ve T\u00fcrk g\u00fcmr\u00fck sistemi mal\u0131n bedelini ve KDV istisnas\u0131n\u0131 bu fatura \u00fczerinden takip eder.<\/p>\n\n\n\n<p class=\"wp-block-paragraph\">\u0130hracat e-Faturalar\u0131 do\u011frudan Ticaret Bakanl\u0131\u011f\u0131 sistemiyle e\u015fle\u015fir ve g\u00fcmr\u00fck beyannamesi tescili bu T\u00fcrk\u00e7e fatura \u00fczerinden y\u00fcr\u00fct\u00fcl\u00fcr.<\/p>\n\n\n\n<p class=\"wp-block-paragraph\">Ayr\u0131ca T\u00fcrkiye&#8217;deki resmi defter kay\u0131tlar\u0131nda ve mali denetimlerde esas al\u0131nan belge bu faturad\u0131r.<\/p>\n\n\n\n<p class=\"wp-block-paragraph\">Uluslararas\u0131 uygulamada T\u00fcrk\u00e7e resmi fatura haricinde \u0130ngilizce Ticari Fatura (Commercial Invoice) da d\u00fczenlenir. Bu da bir sonraki yaz\u0131m\u0131z\u0131n konusu olacakt\u0131r. <\/p>\n\n\n\n<p class=\"wp-block-paragraph\">A\u015fa\u011f\u0131da \u00f6rnek bir ihracat e-Faturas\u0131 g\u00f6rebilirsiniz.  \u0130\u00e7 piyasada kullan\u0131lan faturan\u0131n aksine bu faturada G\u00fcmr\u00fck \u00c7\u0131k\u0131\u015f Bilgileri (GT\u0130P, Teslim \u015eekli, Kap Adedi, Br\u00fct\/Net A\u011f\u0131rl\u0131k vb.) ve 301 Mal \u0130hracat\u0131 \u0130stisna Kodunun bulundu\u011funa dikkat ediniz. <\/p>\n\n\n\n<div data-wp-interactive=\"core\/file\" class=\"wp-block-file\"><object data-wp-bind--hidden=\"!state.hasPdfPreview\" hidden class=\"wp-block-file__embed\" data=\"https:\/\/www.ihlascicek.com\/wp-content\/uploads\/2026\/08\/IHRACAT_FATURA-1.pdf\" type=\"application\/pdf\" style=\"width:100%;height:600px\" aria-label=\"\u0130HRACAT_FATURA g\u00f6m\u00fcs\u00fc.\"><\/object><a id=\"wp-block-file--media-693e9982-f03f-4617-b2d7-b759ffd0605f\" href=\"https:\/\/www.ihlascicek.com\/wp-content\/uploads\/2026\/08\/IHRACAT_FATURA-1.pdf\">\u0130HRACAT_FATURA<\/a><a href=\"https:\/\/www.ihlascicek.com\/wp-content\/uploads\/2026\/08\/IHRACAT_FATURA-1.pdf\" class=\"wp-block-file__button wp-element-button\" download aria-describedby=\"wp-block-file--media-693e9982-f03f-4617-b2d7-b759ffd0605f\">\u0130ndir<\/a><\/div>\n","protected":false},"excerpt":{"rendered":"<p>Uluslararas\u0131 ticarette kullan\u0131lan evrak \u00f6rnekleri serimize ihracat e-faturas\u0131 ile devam ediyoruz. T\u00fcrkiye&#8217;den yap\u0131lan fiili ihracatlarda g\u00fcmr\u00fck beyannamesi a\u00e7\u0131l\u0131rken ve T\u00fcrkiye g\u00fcmr\u00fc\u011f\u00fcnden \u00e7\u0131k\u0131\u015f yap\u0131l\u0131rken T\u00fcrk\u00e7e resmi fatura (e-Fatura) zorunludur. Gelir \u0130daresi Ba\u015fkanl\u0131\u011f\u0131 (G\u0130B) ve T\u00fcrk g\u00fcmr\u00fck sistemi mal\u0131n bedelini ve KDV istisnas\u0131n\u0131 bu fatura \u00fczerinden takip eder. \u0130hracat e-Faturalar\u0131 do\u011frudan Ticaret Bakanl\u0131\u011f\u0131 sistemiyle e\u015fle\u015fir ve g\u00fcmr\u00fck&#8230;<\/p>\n","protected":false},"author":1,"featured_media":336,"comment_status":"open","ping_status":"open","sticky":false,"template":"","format":"standard","meta":{"footnotes":""},"categories":[27,28,4],"tags":[],"class_list":["post-335","post","type-post","status-publish","format-standard","has-post-thumbnail","hentry","category-foreign-trade","category-foreign-trade-documents","category-export"],"_links":{"self":[{"href":"https:\/\/www.ihlascicek.com\/index.php?rest_route=\/wp\/v2\/posts\/335","targetHints":{"allow":["GET"]}}],"collection":[{"href":"https:\/\/www.ihlascicek.com\/index.php?rest_route=\/wp\/v2\/posts"}],"about":[{"href":"https:\/\/www.ihlascicek.com\/index.php?rest_route=\/wp\/v2\/types\/post"}],"author":[{"embeddable":true,"href":"https:\/\/www.ihlascicek.com\/index.php?rest_route=\/wp\/v2\/users\/1"}],"replies":[{"embeddable":true,"href":"https:\/\/www.ihlascicek.com\/index.php?rest_route=%2Fwp%2Fv2%2Fcomments&post=335"}],"version-history":[{"count":2,"href":"https:\/\/www.ihlascicek.com\/index.php?rest_route=\/wp\/v2\/posts\/335\/revisions"}],"predecessor-version":[{"id":341,"href":"https:\/\/www.ihlascicek.com\/index.php?rest_route=\/wp\/v2\/posts\/335\/revisions\/341"}],"wp:featuredmedia":[{"embeddable":true,"href":"https:\/\/www.ihlascicek.com\/index.php?rest_route=\/wp\/v2\/media\/336"}],"wp:attachment":[{"href":"https:\/\/www.ihlascicek.com\/index.php?rest_route=%2Fwp%2Fv2%2Fmedia&parent=335"}],"wp:term":[{"taxonomy":"category","embeddable":true,"href":"https:\/\/www.ihlascicek.com\/index.php?rest_route=%2Fwp%2Fv2%2Fcategories&post=335"},{"taxonomy":"post_tag","embeddable":true,"href":"https:\/\/www.ihlascicek.com\/index.php?rest_route=%2Fwp%2Fv2%2Ftags&post=335"}],"curies":[{"name":"wp","href":"https:\/\/api.w.org\/{rel}","templated":true}]}}